{"id":47,"date":"2022-02-17T17:35:57","date_gmt":"2022-02-17T17:35:57","guid":{"rendered":"https:\/\/www.bplquadrielettrici.it\/?p=47"},"modified":"2022-04-23T09:29:31","modified_gmt":"2022-04-23T09:29:31","slug":"iniziative-benefiche","status":"publish","type":"post","link":"https:\/\/www.bplquadrielettrici.it\/index.php\/2022\/02\/17\/iniziative-benefiche\/","title":{"rendered":"Iniziative benefiche"},"content":{"rendered":"\n<p>L&#8217;azienda sostiene la societ\u00e0 benefit Progetti del Cuore.<\/p>\n\n\n\n<p>Eccoci anche sulla Riviera Romagnola: si \u00e8 tenuta ieri 22 Dicembre la cerimonia d&#8217;inaugurazione del Fiat Dobl\u00f2 attrezzato per i cittadini di Riccione e comuni limitrofi. Il Coordinamento Provinciale Protezione Civile Rimini avr\u00e0 a disposizione il mezzo per il trasporto dei cittadini diversamente abili e in stato di necessit\u00e0. Alla consegna erano presenti alcuni sostenitori, titolari di attivit\u00e0 locali che hanno permesso la realizzazione di questo importante progetto a favore della comunit\u00e0. GRAZIE PERCHE&#8217; INSIEME POSSIAMO FARE MOLTO<\/p>\n","protected":false},"excerpt":{"rendered":"<p>L&#8217;azienda sostiene la societ\u00e0 benefit Progetti del Cuore. Eccoci anche sulla Riviera Romagnola: si \u00e8 tenuta ieri 22 Dicembre la cerimonia d&#8217;inaugurazione del Fiat Dobl\u00f2 attrezzato per i cittadini di Riccione e comuni limitrofi. Il Coordinamento Provinciale Protezione Civile Rimini avr\u00e0 a disposizione il mezzo per il trasporto dei cittadini diversamente abili e in stato [&hellip;]<\/p>\n","protected":false},"author":1,"featured_media":49,"comment_status":"open","ping_status":"closed","sticky":false,"template":"","format":"standard","meta":{"footnotes":""},"categories":[1],"tags":[],"class_list":["post-47","post","type-post","status-publish","format-standard","has-post-thumbnail","hentry","category-uncategorized"],"yoast_head":"<!-- This site is optimized with the Yoast SEO plugin v25.7 - https:\/\/yoast.com\/wordpress\/plugins\/seo\/ -->\n<title>Iniziative benefiche - BPL Quadri Elettrici<\/title>\n<meta name=\"robots\" content=\"index, follow, max-snippet:-1, max-image-preview:large, max-video-preview:-1\" \/>\n<link rel=\"canonical\" href=\"https:\/\/www.bplquadrielettrici.it\/index.php\/2022\/02\/17\/iniziative-benefiche\/\" \/>\n<meta property=\"og:locale\" content=\"it_IT\" \/>\n<meta property=\"og:type\" content=\"article\" \/>\n<meta property=\"og:title\" content=\"Iniziative benefiche - BPL Quadri Elettrici\" \/>\n<meta property=\"og:description\" content=\"L&#8217;azienda sostiene la societ\u00e0 benefit Progetti del Cuore. Eccoci anche sulla Riviera Romagnola: si \u00e8 tenuta ieri 22 Dicembre la cerimonia d&#8217;inaugurazione del Fiat Dobl\u00f2 attrezzato per i cittadini di Riccione e comuni limitrofi. Il Coordinamento Provinciale Protezione Civile Rimini avr\u00e0 a disposizione il mezzo per il trasporto dei cittadini diversamente abili e in stato [&hellip;]\" \/>\n<meta property=\"og:url\" content=\"https:\/\/www.bplquadrielettrici.it\/index.php\/2022\/02\/17\/iniziative-benefiche\/\" \/>\n<meta property=\"og:site_name\" content=\"BPL Quadri Elettrici\" \/>\n<meta property=\"article:published_time\" content=\"2022-02-17T17:35:57+00:00\" \/>\n<meta property=\"article:modified_time\" content=\"2022-04-23T09:29:31+00:00\" \/>\n<meta property=\"og:image\" content=\"https:\/\/www.bplquadrielettrici.it\/wp-content\/uploads\/2022\/02\/Schermata-2022-02-17-alle-18.34.20.jpg\" \/>\n\t<meta property=\"og:image:width\" content=\"685\" \/>\n\t<meta property=\"og:image:height\" content=\"452\" \/>\n\t<meta property=\"og:image:type\" content=\"image\/jpeg\" \/>\n<meta name=\"author\" content=\"admin\" \/>\n<meta name=\"twitter:card\" content=\"summary_large_image\" \/>\n<meta name=\"twitter:label1\" content=\"Scritto da\" \/>\n\t<meta name=\"twitter:data1\" content=\"admin\" \/>\n<script type=\"application\/ld+json\" class=\"yoast-schema-graph\">{\"@context\":\"https:\/\/schema.org\",\"@graph\":[{\"@type\":\"Article\",\"@id\":\"https:\/\/www.bplquadrielettrici.it\/index.php\/2022\/02\/17\/iniziative-benefiche\/#article\",\"isPartOf\":{\"@id\":\"https:\/\/www.bplquadrielettrici.it\/index.php\/2022\/02\/17\/iniziative-benefiche\/\"},\"author\":{\"name\":\"admin\",\"@id\":\"https:\/\/www.bplquadrielettrici.it\/#\/schema\/person\/be6fa8607915c693c8c3a906b87e3430\"},\"headline\":\"Iniziative benefiche\",\"datePublished\":\"2022-02-17T17:35:57+00:00\",\"dateModified\":\"2022-04-23T09:29:31+00:00\",\"mainEntityOfPage\":{\"@id\":\"https:\/\/www.bplquadrielettrici.it\/index.php\/2022\/02\/17\/iniziative-benefiche\/\"},\"wordCount\":88,\"commentCount\":0,\"publisher\":{\"@id\":\"https:\/\/www.bplquadrielettrici.it\/#organization\"},\"image\":{\"@id\":\"https:\/\/www.bplquadrielettrici.it\/index.php\/2022\/02\/17\/iniziative-benefiche\/#primaryimage\"},\"thumbnailUrl\":\"https:\/\/www.bplquadrielettrici.it\/wp-content\/uploads\/2022\/02\/Schermata-2022-02-17-alle-18.34.20.jpg\",\"articleSection\":[\"Uncategorized\"],\"inLanguage\":\"it-IT\"},{\"@type\":\"WebPage\",\"@id\":\"https:\/\/www.bplquadrielettrici.it\/index.php\/2022\/02\/17\/iniziative-benefiche\/\",\"url\":\"https:\/\/www.bplquadrielettrici.it\/index.php\/2022\/02\/17\/iniziative-benefiche\/\",\"name\":\"Iniziative benefiche - BPL Quadri Elettrici\",\"isPartOf\":{\"@id\":\"https:\/\/www.bplquadrielettrici.it\/#website\"},\"primaryImageOfPage\":{\"@id\":\"https:\/\/www.bplquadrielettrici.it\/index.php\/2022\/02\/17\/iniziative-benefiche\/#primaryimage\"},\"image\":{\"@id\":\"https:\/\/www.bplquadrielettrici.it\/index.php\/2022\/02\/17\/iniziative-benefiche\/#primaryimage\"},\"thumbnailUrl\":\"https:\/\/www.bplquadrielettrici.it\/wp-content\/uploads\/2022\/02\/Schermata-2022-02-17-alle-18.34.20.jpg\",\"datePublished\":\"2022-02-17T17:35:57+00:00\",\"dateModified\":\"2022-04-23T09:29:31+00:00\",\"breadcrumb\":{\"@id\":\"https:\/\/www.bplquadrielettrici.it\/index.php\/2022\/02\/17\/iniziative-benefiche\/#breadcrumb\"},\"inLanguage\":\"it-IT\",\"potentialAction\":[{\"@type\":\"ReadAction\",\"target\":[\"https:\/\/www.bplquadrielettrici.it\/index.php\/2022\/02\/17\/iniziative-benefiche\/\"]}]},{\"@type\":\"ImageObject\",\"inLanguage\":\"it-IT\",\"@id\":\"https:\/\/www.bplquadrielettrici.it\/index.php\/2022\/02\/17\/iniziative-benefiche\/#primaryimage\",\"url\":\"https:\/\/www.bplquadrielettrici.it\/wp-content\/uploads\/2022\/02\/Schermata-2022-02-17-alle-18.34.20.jpg\",\"contentUrl\":\"https:\/\/www.bplquadrielettrici.it\/wp-content\/uploads\/2022\/02\/Schermata-2022-02-17-alle-18.34.20.jpg\",\"width\":685,\"height\":452},{\"@type\":\"BreadcrumbList\",\"@id\":\"https:\/\/www.bplquadrielettrici.it\/index.php\/2022\/02\/17\/iniziative-benefiche\/#breadcrumb\",\"itemListElement\":[{\"@type\":\"ListItem\",\"position\":1,\"name\":\"Home\",\"item\":\"https:\/\/www.bplquadrielettrici.it\/\"},{\"@type\":\"ListItem\",\"position\":2,\"name\":\"Iniziative benefiche\"}]},{\"@type\":\"WebSite\",\"@id\":\"https:\/\/www.bplquadrielettrici.it\/#website\",\"url\":\"https:\/\/www.bplquadrielettrici.it\/\",\"name\":\"BPL Quadri Elettrici\",\"description\":\"Quadri elettrici industriali, civili, fotovoltaico\",\"publisher\":{\"@id\":\"https:\/\/www.bplquadrielettrici.it\/#organization\"},\"potentialAction\":[{\"@type\":\"SearchAction\",\"target\":{\"@type\":\"EntryPoint\",\"urlTemplate\":\"https:\/\/www.bplquadrielettrici.it\/?s={search_term_string}\"},\"query-input\":{\"@type\":\"PropertyValueSpecification\",\"valueRequired\":true,\"valueName\":\"search_term_string\"}}],\"inLanguage\":\"it-IT\"},{\"@type\":\"Organization\",\"@id\":\"https:\/\/www.bplquadrielettrici.it\/#organization\",\"name\":\"B.P.L. Quadri Elettrici\",\"alternateName\":\"BPL Quadri Elettrici\",\"url\":\"https:\/\/www.bplquadrielettrici.it\/\",\"logo\":{\"@type\":\"ImageObject\",\"inLanguage\":\"it-IT\",\"@id\":\"https:\/\/www.bplquadrielettrici.it\/#\/schema\/logo\/image\/\",\"url\":\"https:\/\/www.bplquadrielettrici.it\/wp-content\/uploads\/2021\/12\/mod5b-1.jpg\",\"contentUrl\":\"https:\/\/www.bplquadrielettrici.it\/wp-content\/uploads\/2021\/12\/mod5b-1.jpg\",\"width\":952,\"height\":463,\"caption\":\"B.P.L. Quadri Elettrici\"},\"image\":{\"@id\":\"https:\/\/www.bplquadrielettrici.it\/#\/schema\/logo\/image\/\"}},{\"@type\":\"Person\",\"@id\":\"https:\/\/www.bplquadrielettrici.it\/#\/schema\/person\/be6fa8607915c693c8c3a906b87e3430\",\"name\":\"admin\",\"image\":{\"@type\":\"ImageObject\",\"inLanguage\":\"it-IT\",\"@id\":\"https:\/\/www.bplquadrielettrici.it\/#\/schema\/person\/image\/\",\"url\":\"https:\/\/secure.gravatar.com\/avatar\/3eca0ae5969f81ceb62c4afe5d690772bc679762e1a5238d095e6be334e6cd72?s=96&d=mm&r=g\",\"contentUrl\":\"https:\/\/secure.gravatar.com\/avatar\/3eca0ae5969f81ceb62c4afe5d690772bc679762e1a5238d095e6be334e6cd72?s=96&d=mm&r=g\",\"caption\":\"admin\"},\"sameAs\":[\"https:\/\/www.bplquadrielettrici.it\"],\"url\":\"https:\/\/www.bplquadrielettrici.it\/index.php\/author\/jimmy\/\"}]}<\/script>\n<!-- \/ Yoast SEO plugin. -->","yoast_head_json":{"title":"Iniziative benefiche - BPL Quadri Elettrici","robots":{"index":"index","follow":"follow","max-snippet":"max-snippet:-1","max-image-preview":"max-image-preview:large","max-video-preview":"max-video-preview:-1"},"canonical":"https:\/\/www.bplquadrielettrici.it\/index.php\/2022\/02\/17\/iniziative-benefiche\/","og_locale":"it_IT","og_type":"article","og_title":"Iniziative benefiche - BPL Quadri Elettrici","og_description":"L&#8217;azienda sostiene la societ\u00e0 benefit Progetti del Cuore. Eccoci anche sulla Riviera Romagnola: si \u00e8 tenuta ieri 22 Dicembre la cerimonia d&#8217;inaugurazione del Fiat Dobl\u00f2 attrezzato per i cittadini di Riccione e comuni limitrofi. Il Coordinamento Provinciale Protezione Civile Rimini avr\u00e0 a disposizione il mezzo per il trasporto dei cittadini diversamente abili e in stato [&hellip;]","og_url":"https:\/\/www.bplquadrielettrici.it\/index.php\/2022\/02\/17\/iniziative-benefiche\/","og_site_name":"BPL Quadri Elettrici","article_published_time":"2022-02-17T17:35:57+00:00","article_modified_time":"2022-04-23T09:29:31+00:00","og_image":[{"width":685,"height":452,"url":"https:\/\/www.bplquadrielettrici.it\/wp-content\/uploads\/2022\/02\/Schermata-2022-02-17-alle-18.34.20.jpg","type":"image\/jpeg"}],"author":"admin","twitter_card":"summary_large_image","twitter_misc":{"Scritto da":"admin"},"schema":{"@context":"https:\/\/schema.org","@graph":[{"@type":"Article","@id":"https:\/\/www.bplquadrielettrici.it\/index.php\/2022\/02\/17\/iniziative-benefiche\/#article","isPartOf":{"@id":"https:\/\/www.bplquadrielettrici.it\/index.php\/2022\/02\/17\/iniziative-benefiche\/"},"author":{"name":"admin","@id":"https:\/\/www.bplquadrielettrici.it\/#\/schema\/person\/be6fa8607915c693c8c3a906b87e3430"},"headline":"Iniziative benefiche","datePublished":"2022-02-17T17:35:57+00:00","dateModified":"2022-04-23T09:29:31+00:00","mainEntityOfPage":{"@id":"https:\/\/www.bplquadrielettrici.it\/index.php\/2022\/02\/17\/iniziative-benefiche\/"},"wordCount":88,"commentCount":0,"publisher":{"@id":"https:\/\/www.bplquadrielettrici.it\/#organization"},"image":{"@id":"https:\/\/www.bplquadrielettrici.it\/index.php\/2022\/02\/17\/iniziative-benefiche\/#primaryimage"},"thumbnailUrl":"https:\/\/www.bplquadrielettrici.it\/wp-content\/uploads\/2022\/02\/Schermata-2022-02-17-alle-18.34.20.jpg","articleSection":["Uncategorized"],"inLanguage":"it-IT"},{"@type":"WebPage","@id":"https:\/\/www.bplquadrielettrici.it\/index.php\/2022\/02\/17\/iniziative-benefiche\/","url":"https:\/\/www.bplquadrielettrici.it\/index.php\/2022\/02\/17\/iniziative-benefiche\/","name":"Iniziative benefiche - BPL Quadri Elettrici","isPartOf":{"@id":"https:\/\/www.bplquadrielettrici.it\/#website"},"primaryImageOfPage":{"@id":"https:\/\/www.bplquadrielettrici.it\/index.php\/2022\/02\/17\/iniziative-benefiche\/#primaryimage"},"image":{"@id":"https:\/\/www.bplquadrielettrici.it\/index.php\/2022\/02\/17\/iniziative-benefiche\/#primaryimage"},"thumbnailUrl":"https:\/\/www.bplquadrielettrici.it\/wp-content\/uploads\/2022\/02\/Schermata-2022-02-17-alle-18.34.20.jpg","datePublished":"2022-02-17T17:35:57+00:00","dateModified":"2022-04-23T09:29:31+00:00","breadcrumb":{"@id":"https:\/\/www.bplquadrielettrici.it\/index.php\/2022\/02\/17\/iniziative-benefiche\/#breadcrumb"},"inLanguage":"it-IT","potentialAction":[{"@type":"ReadAction","target":["https:\/\/www.bplquadrielettrici.it\/index.php\/2022\/02\/17\/iniziative-benefiche\/"]}]},{"@type":"ImageObject","inLanguage":"it-IT","@id":"https:\/\/www.bplquadrielettrici.it\/index.php\/2022\/02\/17\/iniziative-benefiche\/#primaryimage","url":"https:\/\/www.bplquadrielettrici.it\/wp-content\/uploads\/2022\/02\/Schermata-2022-02-17-alle-18.34.20.jpg","contentUrl":"https:\/\/www.bplquadrielettrici.it\/wp-content\/uploads\/2022\/02\/Schermata-2022-02-17-alle-18.34.20.jpg","width":685,"height":452},{"@type":"BreadcrumbList","@id":"https:\/\/www.bplquadrielettrici.it\/index.php\/2022\/02\/17\/iniziative-benefiche\/#breadcrumb","itemListElement":[{"@type":"ListItem","position":1,"name":"Home","item":"https:\/\/www.bplquadrielettrici.it\/"},{"@type":"ListItem","position":2,"name":"Iniziative benefiche"}]},{"@type":"WebSite","@id":"https:\/\/www.bplquadrielettrici.it\/#website","url":"https:\/\/www.bplquadrielettrici.it\/","name":"BPL Quadri Elettrici","description":"Quadri elettrici industriali, civili, fotovoltaico","publisher":{"@id":"https:\/\/www.bplquadrielettrici.it\/#organization"},"potentialAction":[{"@type":"SearchAction","target":{"@type":"EntryPoint","urlTemplate":"https:\/\/www.bplquadrielettrici.it\/?s={search_term_string}"},"query-input":{"@type":"PropertyValueSpecification","valueRequired":true,"valueName":"search_term_string"}}],"inLanguage":"it-IT"},{"@type":"Organization","@id":"https:\/\/www.bplquadrielettrici.it\/#organization","name":"B.P.L. Quadri Elettrici","alternateName":"BPL Quadri Elettrici","url":"https:\/\/www.bplquadrielettrici.it\/","logo":{"@type":"ImageObject","inLanguage":"it-IT","@id":"https:\/\/www.bplquadrielettrici.it\/#\/schema\/logo\/image\/","url":"https:\/\/www.bplquadrielettrici.it\/wp-content\/uploads\/2021\/12\/mod5b-1.jpg","contentUrl":"https:\/\/www.bplquadrielettrici.it\/wp-content\/uploads\/2021\/12\/mod5b-1.jpg","width":952,"height":463,"caption":"B.P.L. Quadri Elettrici"},"image":{"@id":"https:\/\/www.bplquadrielettrici.it\/#\/schema\/logo\/image\/"}},{"@type":"Person","@id":"https:\/\/www.bplquadrielettrici.it\/#\/schema\/person\/be6fa8607915c693c8c3a906b87e3430","name":"admin","image":{"@type":"ImageObject","inLanguage":"it-IT","@id":"https:\/\/www.bplquadrielettrici.it\/#\/schema\/person\/image\/","url":"https:\/\/secure.gravatar.com\/avatar\/3eca0ae5969f81ceb62c4afe5d690772bc679762e1a5238d095e6be334e6cd72?s=96&d=mm&r=g","contentUrl":"https:\/\/secure.gravatar.com\/avatar\/3eca0ae5969f81ceb62c4afe5d690772bc679762e1a5238d095e6be334e6cd72?s=96&d=mm&r=g","caption":"admin"},"sameAs":["https:\/\/www.bplquadrielettrici.it"],"url":"https:\/\/www.bplquadrielettrici.it\/index.php\/author\/jimmy\/"}]}},"_links":{"self":[{"href":"https:\/\/www.bplquadrielettrici.it\/index.php\/wp-json\/wp\/v2\/posts\/47","targetHints":{"allow":["GET"]}}],"collection":[{"href":"https:\/\/www.bplquadrielettrici.it\/index.php\/wp-json\/wp\/v2\/posts"}],"about":[{"href":"https:\/\/www.bplquadrielettrici.it\/index.php\/wp-json\/wp\/v2\/types\/post"}],"author":[{"embeddable":true,"href":"https:\/\/www.bplquadrielettrici.it\/index.php\/wp-json\/wp\/v2\/users\/1"}],"replies":[{"embeddable":true,"href":"https:\/\/www.bplquadrielettrici.it\/index.php\/wp-json\/wp\/v2\/comments?post=47"}],"version-history":[{"count":2,"href":"https:\/\/www.bplquadrielettrici.it\/index.php\/wp-json\/wp\/v2\/posts\/47\/revisions"}],"predecessor-version":[{"id":64,"href":"https:\/\/www.bplquadrielettrici.it\/index.php\/wp-json\/wp\/v2\/posts\/47\/revisions\/64"}],"wp:featuredmedia":[{"embeddable":true,"href":"https:\/\/www.bplquadrielettrici.it\/index.php\/wp-json\/wp\/v2\/media\/49"}],"wp:attachment":[{"href":"https:\/\/www.bplquadrielettrici.it\/index.php\/wp-json\/wp\/v2\/media?parent=47"}],"wp:term":[{"taxonomy":"category","embeddable":true,"href":"https:\/\/www.bplquadrielettrici.it\/index.php\/wp-json\/wp\/v2\/categories?post=47"},{"taxonomy":"post_tag","embeddable":true,"href":"https:\/\/www.bplquadrielettrici.it\/index.php\/wp-json\/wp\/v2\/tags?post=47"}],"curies":[{"name":"wp","href":"https:\/\/api.w.org\/{rel}","templated":true}]}}